{"id":2757,"date":"2025-11-14T10:40:36","date_gmt":"2025-11-14T10:40:36","guid":{"rendered":"https:\/\/www.teksi.ch\/journee-romande-de-la-geoinformation\/"},"modified":"2025-11-26T16:37:56","modified_gmt":"2025-11-26T16:37:56","slug":"journee-romande-de-la-geoinformation","status":"publish","type":"post","link":"https:\/\/www.teksi.ch\/de\/journee-romande-de-la-geoinformation\/","title":{"rendered":"Journ\u00e9e romande de la g\u00e9oinformation"},"content":{"rendered":"\n<p>QGIS und seine Partner haben sich am Donnerstag 13. November 2025 im SwissTech Convention Center in Lausanne am <a href=\"https:\/\/georomandie.com\/\">Journ\u00e9e Romande de la G\u00e9oinformation<\/a> (Westschweizer Tagung f\u00fcr Geoinformation) den mehr als 800 Besucherinnen und Besuchern vorgestellt.<\/p>\n\n\n\n<p>Der gemeinsame Auftritt mit QGIS Schweiz, wo eine Vielfalt an m\u00f6glichen Anwendungen von QGIS vorgestellt wurden, war ein voller Erfolg:<\/p>\n\n\n\n<figure class=\"wp-block-image\"><img decoding=\"async\" src=\"https:\/\/www.qgis.ch\/assets\/img\/04_qgis-powering-teksi_powering-green-gradient_sb.svg\" alt=\"QGIS powering TEKSI\"\/><\/figure>\n\n\n\n<ul class=\"wp-block-list\">\n<li>QGIS als Grundlage f\u00fcr <a href=\"https:\/\/www.teksi.ch\/de\/\">TEKSI<\/a>, dem Werkzeug f\u00fcr das Infrastrukturmanagement f\u00fcr Abwasser &amp; GEP sowie Trinkwasser)<\/li>\n\n\n\n<li><a href=\"https:\/\/www.qgis.ch\/fr\/sujets\/\">QGIS ModelBaker<\/a> \u2013 das Plugin zum schnellen Erstellen von QGIS-Projekten aus physischen Datenmodellen.<\/li>\n\n\n\n<li><a href=\"https:\/\/qfield.org\">Qfield<\/a>, die f\u00fchrende professionelle Feldarbeits-App, die in Unternehmen f\u00fcr die effiziente Erfassung und Verwaltung von Geodaten eingesetzt wird.<\/li>\n<\/ul>\n\n\n\n<p>Auch die beiden Vortr\u00e4ge waren gut besucht:<\/p>\n\n\n\n<ul class=\"wp-block-list\">\n<li>SIG open source : Qui veut gagner des polygones ?<\/li>\n\n\n\n<li>TEKSI : solutions g\u00e9ospatiales bas\u00e9es sur QGIS pour la gestion des infrastructures publiques<\/li>\n<\/ul>\n\n\n\n<p><a href=\"https:\/\/www.teksi.ch\/de\/kontakt\/\">Melden Sie sich<\/a>, wenn Sie mehr zu TEKSI erfahren m\u00f6chten.<\/p>\n\n\n\n<p>Die Beitr\u00e4ge im Plenum und die Pr\u00e4sentationen der Workshops sowie eine kurze Zusammenfassung mit Eindr\u00fccken von Ausstellern und Besuchenden finden sich auf der Webseite <a href=\"https:\/\/georomandie.com\/\">Journ\u00e9e Romande de la G\u00e9oinformation<\/a> zum Nachschauen.<\/p>\n\n\n\n<p>Wir sind gespannt auf die n\u00e4chste Ausgabe am 16. November 2027!<\/p>\n","protected":false},"excerpt":{"rendered":"<p>QGIS und seine Partner haben sich am Donnerstag 13. November 2025 im SwissTech Convention Center in Lausanne am Journ\u00e9e Romande de la G\u00e9oinformation (Westschweizer Tagung f\u00fcr Geoinformation) den mehr als 800 Besucherinnen und Besuchern vorgestellt. Der gemeinsame Auftritt mit QGIS Schweiz, wo eine Vielfalt an m\u00f6glichen Anwendungen von QGIS vorgestellt wurden, war ein voller Erfolg: [&hellip;]<\/p>\n","protected":false},"author":3,"featured_media":2755,"comment_status":"closed","ping_status":"closed","sticky":false,"template":"","format":"standard","meta":{"_acf_changed":false,"footnotes":""},"categories":[31,429,30,32,35],"tags":[468,469,471,361,470],"class_list":["post-2757","post","type-post","status-publish","format-standard","has-post-thumbnail","hentry","category-gemeinschaft","category-qfield-de","category-qgis-de","category-teksi-abwasser","category-teksi-trinkwasser","tag-journee-romand-de-la-geoinformation","tag-jrg","tag-meeting","tag-opensource","tag-swisstech-convention-center"],"acf":[],"yoast_head":"<!-- This site is optimized with the Yoast SEO plugin v27.4 - https:\/\/yoast.com\/product\/yoast-seo-wordpress\/ -->\n<title>Journ\u00e9e romande de la g\u00e9oinformation - TEKSI<\/title>\n<meta name=\"robots\" content=\"index, follow, max-snippet:-1, max-image-preview:large, max-video-preview:-1\" \/>\n<link rel=\"canonical\" href=\"https:\/\/www.teksi.ch\/de\/journee-romande-de-la-geoinformation\/\" \/>\n<meta property=\"og:locale\" content=\"de_DE\" \/>\n<meta property=\"og:type\" content=\"article\" \/>\n<meta property=\"og:title\" content=\"Journ\u00e9e romande de la g\u00e9oinformation - TEKSI\" \/>\n<meta property=\"og:description\" content=\"QGIS und seine Partner haben sich am Donnerstag 13. November 2025 im SwissTech Convention Center in Lausanne am Journ\u00e9e Romande de la G\u00e9oinformation (Westschweizer Tagung f\u00fcr Geoinformation) den mehr als 800 Besucherinnen und Besuchern vorgestellt. Der gemeinsame Auftritt mit QGIS Schweiz, wo eine Vielfalt an m\u00f6glichen Anwendungen von QGIS vorgestellt wurden, war ein voller Erfolg: [&hellip;]\" \/>\n<meta property=\"og:url\" content=\"https:\/\/www.teksi.ch\/de\/journee-romande-de-la-geoinformation\/\" \/>\n<meta property=\"og:site_name\" content=\"TEKSI\" \/>\n<meta property=\"article:published_time\" content=\"2025-11-14T10:40:36+00:00\" \/>\n<meta property=\"article:modified_time\" content=\"2025-11-26T16:37:56+00:00\" \/>\n<meta property=\"og:image\" content=\"https:\/\/www.teksi.ch\/wp-content\/uploads\/QGIS_Powering_TEKSI_JRG25_stand_N_O.jpg\" \/>\n\t<meta property=\"og:image:width\" content=\"1179\" \/>\n\t<meta property=\"og:image:height\" content=\"799\" \/>\n\t<meta property=\"og:image:type\" content=\"image\/jpeg\" \/>\n<meta name=\"author\" content=\"SB\" \/>\n<meta name=\"twitter:card\" content=\"summary_large_image\" \/>\n<meta name=\"twitter:label1\" content=\"Verfasst von\" \/>\n\t<meta name=\"twitter:data1\" content=\"SB\" \/>\n\t<meta name=\"twitter:label2\" content=\"Gesch\u00e4tzte Lesezeit\" \/>\n\t<meta name=\"twitter:data2\" content=\"2\u00a0Minuten\" \/>\n<script type=\"application\/ld+json\" class=\"yoast-schema-graph\">{\"@context\":\"https:\\\/\\\/schema.org\",\"@graph\":[{\"@type\":\"Article\",\"@id\":\"https:\\\/\\\/www.teksi.ch\\\/de\\\/journee-romande-de-la-geoinformation\\\/#article\",\"isPartOf\":{\"@id\":\"https:\\\/\\\/www.teksi.ch\\\/de\\\/journee-romande-de-la-geoinformation\\\/\"},\"author\":{\"name\":\"SB\",\"@id\":\"https:\\\/\\\/www.teksi.ch\\\/#\\\/schema\\\/person\\\/0a5392e945956e3de5e23a5309b65d07\"},\"headline\":\"Journ\u00e9e romande de la g\u00e9oinformation\",\"datePublished\":\"2025-11-14T10:40:36+00:00\",\"dateModified\":\"2025-11-26T16:37:56+00:00\",\"mainEntityOfPage\":{\"@id\":\"https:\\\/\\\/www.teksi.ch\\\/de\\\/journee-romande-de-la-geoinformation\\\/\"},\"wordCount\":201,\"publisher\":{\"@id\":\"https:\\\/\\\/www.teksi.ch\\\/#organization\"},\"image\":{\"@id\":\"https:\\\/\\\/www.teksi.ch\\\/de\\\/journee-romande-de-la-geoinformation\\\/#primaryimage\"},\"thumbnailUrl\":\"https:\\\/\\\/www.teksi.ch\\\/wp-content\\\/uploads\\\/QGIS_Powering_TEKSI_JRG25_stand_N_O.jpg\",\"keywords\":[\"Journ\u00e9e romand de la g\u00e9oinformation\",\"JRG\",\"Meeting\",\"Opensource\",\"SwissTech Convention Center\"],\"articleSection\":[\"Gemeinschaft\",\"qfield\",\"QGIS\",\"TEKSI Abwasser\",\"TEKSI Trinkwasser\"],\"inLanguage\":\"de\"},{\"@type\":\"WebPage\",\"@id\":\"https:\\\/\\\/www.teksi.ch\\\/de\\\/journee-romande-de-la-geoinformation\\\/\",\"url\":\"https:\\\/\\\/www.teksi.ch\\\/de\\\/journee-romande-de-la-geoinformation\\\/\",\"name\":\"Journ\u00e9e romande de la g\u00e9oinformation - TEKSI\",\"isPartOf\":{\"@id\":\"https:\\\/\\\/www.teksi.ch\\\/#website\"},\"primaryImageOfPage\":{\"@id\":\"https:\\\/\\\/www.teksi.ch\\\/de\\\/journee-romande-de-la-geoinformation\\\/#primaryimage\"},\"image\":{\"@id\":\"https:\\\/\\\/www.teksi.ch\\\/de\\\/journee-romande-de-la-geoinformation\\\/#primaryimage\"},\"thumbnailUrl\":\"https:\\\/\\\/www.teksi.ch\\\/wp-content\\\/uploads\\\/QGIS_Powering_TEKSI_JRG25_stand_N_O.jpg\",\"datePublished\":\"2025-11-14T10:40:36+00:00\",\"dateModified\":\"2025-11-26T16:37:56+00:00\",\"breadcrumb\":{\"@id\":\"https:\\\/\\\/www.teksi.ch\\\/de\\\/journee-romande-de-la-geoinformation\\\/#breadcrumb\"},\"inLanguage\":\"de\",\"potentialAction\":[{\"@type\":\"ReadAction\",\"target\":[\"https:\\\/\\\/www.teksi.ch\\\/de\\\/journee-romande-de-la-geoinformation\\\/\"]}]},{\"@type\":\"ImageObject\",\"inLanguage\":\"de\",\"@id\":\"https:\\\/\\\/www.teksi.ch\\\/de\\\/journee-romande-de-la-geoinformation\\\/#primaryimage\",\"url\":\"https:\\\/\\\/www.teksi.ch\\\/wp-content\\\/uploads\\\/QGIS_Powering_TEKSI_JRG25_stand_N_O.jpg\",\"contentUrl\":\"https:\\\/\\\/www.teksi.ch\\\/wp-content\\\/uploads\\\/QGIS_Powering_TEKSI_JRG25_stand_N_O.jpg\",\"width\":1179,\"height\":799},{\"@type\":\"BreadcrumbList\",\"@id\":\"https:\\\/\\\/www.teksi.ch\\\/de\\\/journee-romande-de-la-geoinformation\\\/#breadcrumb\",\"itemListElement\":[{\"@type\":\"ListItem\",\"position\":1,\"name\":\"Accueil\",\"item\":\"https:\\\/\\\/www.teksi.ch\\\/de\\\/\"},{\"@type\":\"ListItem\",\"position\":2,\"name\":\"Journ\u00e9e romande de la g\u00e9oinformation\"}]},{\"@type\":\"WebSite\",\"@id\":\"https:\\\/\\\/www.teksi.ch\\\/#website\",\"url\":\"https:\\\/\\\/www.teksi.ch\\\/\",\"name\":\"TEKSI\",\"description\":\"\",\"publisher\":{\"@id\":\"https:\\\/\\\/www.teksi.ch\\\/#organization\"},\"potentialAction\":[{\"@type\":\"SearchAction\",\"target\":{\"@type\":\"EntryPoint\",\"urlTemplate\":\"https:\\\/\\\/www.teksi.ch\\\/?s={search_term_string}\"},\"query-input\":{\"@type\":\"PropertyValueSpecification\",\"valueRequired\":true,\"valueName\":\"search_term_string\"}}],\"inLanguage\":\"de\"},{\"@type\":\"Organization\",\"@id\":\"https:\\\/\\\/www.teksi.ch\\\/#organization\",\"name\":\"TEKSI\",\"url\":\"https:\\\/\\\/www.teksi.ch\\\/\",\"logo\":{\"@type\":\"ImageObject\",\"inLanguage\":\"de\",\"@id\":\"https:\\\/\\\/www.teksi.ch\\\/#\\\/schema\\\/logo\\\/image\\\/\",\"url\":\"https:\\\/\\\/www.teksi.ch\\\/wp-content\\\/uploads\\\/210910-teksi-logos-fr-03.png\",\"contentUrl\":\"https:\\\/\\\/www.teksi.ch\\\/wp-content\\\/uploads\\\/210910-teksi-logos-fr-03.png\",\"width\":647,\"height\":648,\"caption\":\"TEKSI\"},\"image\":{\"@id\":\"https:\\\/\\\/www.teksi.ch\\\/#\\\/schema\\\/logo\\\/image\\\/\"}},{\"@type\":\"Person\",\"@id\":\"https:\\\/\\\/www.teksi.ch\\\/#\\\/schema\\\/person\\\/0a5392e945956e3de5e23a5309b65d07\",\"name\":\"SB\",\"image\":{\"@type\":\"ImageObject\",\"inLanguage\":\"de\",\"@id\":\"https:\\\/\\\/secure.gravatar.com\\\/avatar\\\/b89fa7c4d820edca5cc2ac0976b7a6db34688b5a48a21b60e0194824482ee81f?s=96&d=mm&r=g\",\"url\":\"https:\\\/\\\/secure.gravatar.com\\\/avatar\\\/b89fa7c4d820edca5cc2ac0976b7a6db34688b5a48a21b60e0194824482ee81f?s=96&d=mm&r=g\",\"contentUrl\":\"https:\\\/\\\/secure.gravatar.com\\\/avatar\\\/b89fa7c4d820edca5cc2ac0976b7a6db34688b5a48a21b60e0194824482ee81f?s=96&d=mm&r=g\",\"caption\":\"SB\"},\"url\":\"https:\\\/\\\/www.teksi.ch\\\/de\\\/author\\\/stefan-burckhardt\\\/\"}]}<\/script>\n<!-- \/ Yoast SEO plugin. -->","yoast_head_json":{"title":"Journ\u00e9e romande de la g\u00e9oinformation - TEKSI","robots":{"index":"index","follow":"follow","max-snippet":"max-snippet:-1","max-image-preview":"max-image-preview:large","max-video-preview":"max-video-preview:-1"},"canonical":"https:\/\/www.teksi.ch\/de\/journee-romande-de-la-geoinformation\/","og_locale":"de_DE","og_type":"article","og_title":"Journ\u00e9e romande de la g\u00e9oinformation - TEKSI","og_description":"QGIS und seine Partner haben sich am Donnerstag 13. November 2025 im SwissTech Convention Center in Lausanne am Journ\u00e9e Romande de la G\u00e9oinformation (Westschweizer Tagung f\u00fcr Geoinformation) den mehr als 800 Besucherinnen und Besuchern vorgestellt. Der gemeinsame Auftritt mit QGIS Schweiz, wo eine Vielfalt an m\u00f6glichen Anwendungen von QGIS vorgestellt wurden, war ein voller Erfolg: [&hellip;]","og_url":"https:\/\/www.teksi.ch\/de\/journee-romande-de-la-geoinformation\/","og_site_name":"TEKSI","article_published_time":"2025-11-14T10:40:36+00:00","article_modified_time":"2025-11-26T16:37:56+00:00","og_image":[{"width":1179,"height":799,"url":"https:\/\/www.teksi.ch\/wp-content\/uploads\/QGIS_Powering_TEKSI_JRG25_stand_N_O.jpg","type":"image\/jpeg"}],"author":"SB","twitter_card":"summary_large_image","twitter_misc":{"Verfasst von":"SB","Gesch\u00e4tzte Lesezeit":"2\u00a0Minuten"},"schema":{"@context":"https:\/\/schema.org","@graph":[{"@type":"Article","@id":"https:\/\/www.teksi.ch\/de\/journee-romande-de-la-geoinformation\/#article","isPartOf":{"@id":"https:\/\/www.teksi.ch\/de\/journee-romande-de-la-geoinformation\/"},"author":{"name":"SB","@id":"https:\/\/www.teksi.ch\/#\/schema\/person\/0a5392e945956e3de5e23a5309b65d07"},"headline":"Journ\u00e9e romande de la g\u00e9oinformation","datePublished":"2025-11-14T10:40:36+00:00","dateModified":"2025-11-26T16:37:56+00:00","mainEntityOfPage":{"@id":"https:\/\/www.teksi.ch\/de\/journee-romande-de-la-geoinformation\/"},"wordCount":201,"publisher":{"@id":"https:\/\/www.teksi.ch\/#organization"},"image":{"@id":"https:\/\/www.teksi.ch\/de\/journee-romande-de-la-geoinformation\/#primaryimage"},"thumbnailUrl":"https:\/\/www.teksi.ch\/wp-content\/uploads\/QGIS_Powering_TEKSI_JRG25_stand_N_O.jpg","keywords":["Journ\u00e9e romand de la g\u00e9oinformation","JRG","Meeting","Opensource","SwissTech Convention Center"],"articleSection":["Gemeinschaft","qfield","QGIS","TEKSI Abwasser","TEKSI Trinkwasser"],"inLanguage":"de"},{"@type":"WebPage","@id":"https:\/\/www.teksi.ch\/de\/journee-romande-de-la-geoinformation\/","url":"https:\/\/www.teksi.ch\/de\/journee-romande-de-la-geoinformation\/","name":"Journ\u00e9e romande de la g\u00e9oinformation - TEKSI","isPartOf":{"@id":"https:\/\/www.teksi.ch\/#website"},"primaryImageOfPage":{"@id":"https:\/\/www.teksi.ch\/de\/journee-romande-de-la-geoinformation\/#primaryimage"},"image":{"@id":"https:\/\/www.teksi.ch\/de\/journee-romande-de-la-geoinformation\/#primaryimage"},"thumbnailUrl":"https:\/\/www.teksi.ch\/wp-content\/uploads\/QGIS_Powering_TEKSI_JRG25_stand_N_O.jpg","datePublished":"2025-11-14T10:40:36+00:00","dateModified":"2025-11-26T16:37:56+00:00","breadcrumb":{"@id":"https:\/\/www.teksi.ch\/de\/journee-romande-de-la-geoinformation\/#breadcrumb"},"inLanguage":"de","potentialAction":[{"@type":"ReadAction","target":["https:\/\/www.teksi.ch\/de\/journee-romande-de-la-geoinformation\/"]}]},{"@type":"ImageObject","inLanguage":"de","@id":"https:\/\/www.teksi.ch\/de\/journee-romande-de-la-geoinformation\/#primaryimage","url":"https:\/\/www.teksi.ch\/wp-content\/uploads\/QGIS_Powering_TEKSI_JRG25_stand_N_O.jpg","contentUrl":"https:\/\/www.teksi.ch\/wp-content\/uploads\/QGIS_Powering_TEKSI_JRG25_stand_N_O.jpg","width":1179,"height":799},{"@type":"BreadcrumbList","@id":"https:\/\/www.teksi.ch\/de\/journee-romande-de-la-geoinformation\/#breadcrumb","itemListElement":[{"@type":"ListItem","position":1,"name":"Accueil","item":"https:\/\/www.teksi.ch\/de\/"},{"@type":"ListItem","position":2,"name":"Journ\u00e9e romande de la g\u00e9oinformation"}]},{"@type":"WebSite","@id":"https:\/\/www.teksi.ch\/#website","url":"https:\/\/www.teksi.ch\/","name":"TEKSI","description":"","publisher":{"@id":"https:\/\/www.teksi.ch\/#organization"},"potentialAction":[{"@type":"SearchAction","target":{"@type":"EntryPoint","urlTemplate":"https:\/\/www.teksi.ch\/?s={search_term_string}"},"query-input":{"@type":"PropertyValueSpecification","valueRequired":true,"valueName":"search_term_string"}}],"inLanguage":"de"},{"@type":"Organization","@id":"https:\/\/www.teksi.ch\/#organization","name":"TEKSI","url":"https:\/\/www.teksi.ch\/","logo":{"@type":"ImageObject","inLanguage":"de","@id":"https:\/\/www.teksi.ch\/#\/schema\/logo\/image\/","url":"https:\/\/www.teksi.ch\/wp-content\/uploads\/210910-teksi-logos-fr-03.png","contentUrl":"https:\/\/www.teksi.ch\/wp-content\/uploads\/210910-teksi-logos-fr-03.png","width":647,"height":648,"caption":"TEKSI"},"image":{"@id":"https:\/\/www.teksi.ch\/#\/schema\/logo\/image\/"}},{"@type":"Person","@id":"https:\/\/www.teksi.ch\/#\/schema\/person\/0a5392e945956e3de5e23a5309b65d07","name":"SB","image":{"@type":"ImageObject","inLanguage":"de","@id":"https:\/\/secure.gravatar.com\/avatar\/b89fa7c4d820edca5cc2ac0976b7a6db34688b5a48a21b60e0194824482ee81f?s=96&d=mm&r=g","url":"https:\/\/secure.gravatar.com\/avatar\/b89fa7c4d820edca5cc2ac0976b7a6db34688b5a48a21b60e0194824482ee81f?s=96&d=mm&r=g","contentUrl":"https:\/\/secure.gravatar.com\/avatar\/b89fa7c4d820edca5cc2ac0976b7a6db34688b5a48a21b60e0194824482ee81f?s=96&d=mm&r=g","caption":"SB"},"url":"https:\/\/www.teksi.ch\/de\/author\/stefan-burckhardt\/"}]}},"_links":{"self":[{"href":"https:\/\/www.teksi.ch\/de\/wp-json\/wp\/v2\/posts\/2757","targetHints":{"allow":["GET"]}}],"collection":[{"href":"https:\/\/www.teksi.ch\/de\/wp-json\/wp\/v2\/posts"}],"about":[{"href":"https:\/\/www.teksi.ch\/de\/wp-json\/wp\/v2\/types\/post"}],"author":[{"embeddable":true,"href":"https:\/\/www.teksi.ch\/de\/wp-json\/wp\/v2\/users\/3"}],"replies":[{"embeddable":true,"href":"https:\/\/www.teksi.ch\/de\/wp-json\/wp\/v2\/comments?post=2757"}],"version-history":[{"count":3,"href":"https:\/\/www.teksi.ch\/de\/wp-json\/wp\/v2\/posts\/2757\/revisions"}],"predecessor-version":[{"id":2840,"href":"https:\/\/www.teksi.ch\/de\/wp-json\/wp\/v2\/posts\/2757\/revisions\/2840"}],"wp:featuredmedia":[{"embeddable":true,"href":"https:\/\/www.teksi.ch\/de\/wp-json\/wp\/v2\/media\/2755"}],"wp:attachment":[{"href":"https:\/\/www.teksi.ch\/de\/wp-json\/wp\/v2\/media?parent=2757"}],"wp:term":[{"taxonomy":"category","embeddable":true,"href":"https:\/\/www.teksi.ch\/de\/wp-json\/wp\/v2\/categories?post=2757"},{"taxonomy":"post_tag","embeddable":true,"href":"https:\/\/www.teksi.ch\/de\/wp-json\/wp\/v2\/tags?post=2757"}],"curies":[{"name":"wp","href":"https:\/\/api.w.org\/{rel}","templated":true}]}}