{"id":2643,"date":"2025-07-14T08:48:00","date_gmt":"2025-07-14T08:48:00","guid":{"rendered":"https:\/\/www.teksi.ch\/?p=2643"},"modified":"2025-07-07T08:52:05","modified_gmt":"2025-07-07T08:52:05","slug":"vereinheitlichung-und-festigung","status":"publish","type":"post","link":"https:\/\/www.teksi.ch\/de\/vereinheitlichung-und-festigung\/","title":{"rendered":"&#8222;Vereinheitlichung und Festigung&#8220;"},"content":{"rendered":"\n<p>Im zweiten Jahr seiner T\u00e4tigkeit hat der Verein TEKSI seineEntwicklung mit Schwerpunkt auf der Vereinheitlichung der Module fortgesetzt. So war das Jahr 2024 ein wichtiger Meilenstein mit der Einf\u00fchrung des neuen Datenmodells <a einf=\"\" des=\"\" neuen=\"\" datenmodells=\"\" moduls=\"\" teksi=\"\" abwasser=\"\" gep=\"\" href=\"https:\/\/www.teksi.ch\/de\/modules\/abwasser-gep\/\">des Moduls TEKSI Abwasser &amp; GEP<\/a>, das an die Norm VSA-DSS<br>2020 angepasst ist.<\/p>\n\n\n\n<p>Parallel dazu wurde ein Aufruf zur Finanzierung gestartet, um die Wartung der TEKSI-Module durch eine benutzerfreundlichere L\u00f6sung zur Installation, Aktualisierungund den Datenaustausch zu verbessern. Die Arbeiten f\u00fcr 2025 und die folgenden Jahre sollen sich auf die weitere Harmonisierung konzentrieren: Anpassung des Moduls TEKSI Trinkwasser auf der Grundlage des k\u00fcnftigen Datenmodells der SVGW, die Entwicklung des Moduls TEKSI Fernw\u00e4rme, dessen Machbarkeitsstudie von der Stadt Morges abgeschlossen wurde, sowie die Aufstockung der Ressourcen f\u00fcr die technische Koordination, um eine nachhaltige Pflege und Entwicklung der aktuellen Werkzeuge zu gew\u00e4hrleisten.<\/p>\n\n\n\n<p>Wir freuen uns \u00fcber <a href=\"https:\/\/www.teksi.ch\/de\/beitrag\/\">acht neue TEKSI-Mitglieder<\/a> und heissen sie herzlich willkommen. Der Vorstand freut sich ebenfalls, \u00fcber die beiden neuen Vorstandsmitglieder Kevin Andr\u00e9 und Christoph Lauber. Ebenso bedankt er sich ganz herzlich f\u00fcr ihrentscheidendes Engagement bei Luis Teba, Roger Maurer undDomingo Mendez, die aus dem Vorstand ausscheiden. Ein grosser Dank geht auch an alle Personen, die sich ehrenamtlichf\u00fcr TEKSI engagieren. Ihr Engagement, das im Jahr 2024 insgesamt mehr als 245 Tage ausmacht, ist ein Schl\u00fcssel zum Fortbestand und Erfolg unseres Vereins. Schliesslich gr\u00fcssen wir die Gemeinde Zermatt, die <a href=\"https:\/\/www.teksi.ch\/de\/20250618_jahresbericht_teksi_2024_de_web-2\/\">TEKSI f\u00fcr die Instandstellung ihrer Infrastruktur<\/a> nach den historischen Niederschl\u00e4gen im Juni 2024 mobilisiert hat.<\/p>\n\n\n\n<p><\/p>\n","protected":false},"excerpt":{"rendered":"<p>Im zweiten Jahr seiner T\u00e4tigkeit hat der Verein TEKSI seineEntwicklung mit Schwerpunkt auf der Vereinheitlichung der Module fortgesetzt. So war das Jahr 2024 ein wichtiger Meilenstein mit der Einf\u00fchrung des neuen Datenmodells des Moduls TEKSI Abwasser &amp; GEP, das an die Norm VSA-DSS2020 angepasst ist. Parallel dazu wurde ein Aufruf zur Finanzierung gestartet, um die [&hellip;]<\/p>\n","protected":false},"author":3,"featured_media":2637,"comment_status":"closed","ping_status":"closed","sticky":false,"template":"","format":"standard","meta":{"_acf_changed":false,"footnotes":""},"categories":[31,34,358,35],"tags":[382,435,174,436,79,162],"class_list":["post-2643","post","type-post","status-publish","format-standard","has-post-thumbnail","hentry","category-gemeinschaft","category-neue-funktion","category-teksi-fernwaerme","category-teksi-trinkwasser","tag-382","tag-freiwilligenarbeit","tag-information-de","tag-innovation-de","tag-qgis-de","tag-teksi-de"],"acf":[],"yoast_head":"<!-- This site is optimized with the Yoast SEO plugin v27.4 - https:\/\/yoast.com\/product\/yoast-seo-wordpress\/ -->\n<title>&quot;Vereinheitlichung und Festigung&quot; - TEKSI<\/title>\n<meta name=\"robots\" content=\"index, follow, max-snippet:-1, max-image-preview:large, max-video-preview:-1\" \/>\n<link rel=\"canonical\" href=\"https:\/\/www.teksi.ch\/harmonisation-et-consolidation\/\" \/>\n<meta property=\"og:locale\" content=\"de_DE\" \/>\n<meta property=\"og:type\" content=\"article\" \/>\n<meta property=\"og:title\" content=\"&quot;Vereinheitlichung und Festigung&quot; - TEKSI\" \/>\n<meta property=\"og:description\" content=\"Im zweiten Jahr seiner T\u00e4tigkeit hat der Verein TEKSI seineEntwicklung mit Schwerpunkt auf der Vereinheitlichung der Module fortgesetzt. So war das Jahr 2024 ein wichtiger Meilenstein mit der Einf\u00fchrung des neuen Datenmodells des Moduls TEKSI Abwasser &amp; GEP, das an die Norm VSA-DSS2020 angepasst ist. Parallel dazu wurde ein Aufruf zur Finanzierung gestartet, um die [&hellip;]\" \/>\n<meta property=\"og:url\" content=\"https:\/\/www.teksi.ch\/harmonisation-et-consolidation\/\" \/>\n<meta property=\"og:site_name\" content=\"TEKSI\" \/>\n<meta property=\"article:published_time\" content=\"2025-07-14T08:48:00+00:00\" \/>\n<meta property=\"og:image\" content=\"https:\/\/www.teksi.ch\/wp-content\/uploads\/Rapport-annuelle-TEKSI-2024-fr-723x1024.png\" \/>\n\t<meta property=\"og:image:width\" content=\"723\" \/>\n\t<meta property=\"og:image:height\" content=\"1024\" \/>\n\t<meta property=\"og:image:type\" content=\"image\/png\" \/>\n<meta name=\"author\" content=\"SB\" \/>\n<meta name=\"twitter:card\" content=\"summary_large_image\" \/>\n<meta name=\"twitter:label1\" content=\"Verfasst von\" \/>\n\t<meta name=\"twitter:data1\" content=\"SB\" \/>\n\t<meta name=\"twitter:label2\" content=\"Gesch\u00e4tzte Lesezeit\" \/>\n\t<meta name=\"twitter:data2\" content=\"2\u00a0Minuten\" \/>\n<script type=\"application\/ld+json\" class=\"yoast-schema-graph\">{\"@context\":\"https:\\\/\\\/schema.org\",\"@graph\":[{\"@type\":\"Article\",\"@id\":\"https:\\\/\\\/www.teksi.ch\\\/harmonisation-et-consolidation\\\/#article\",\"isPartOf\":{\"@id\":\"https:\\\/\\\/www.teksi.ch\\\/harmonisation-et-consolidation\\\/\"},\"author\":{\"name\":\"SB\",\"@id\":\"https:\\\/\\\/www.teksi.ch\\\/#\\\/schema\\\/person\\\/0a5392e945956e3de5e23a5309b65d07\"},\"headline\":\"&#8222;Vereinheitlichung und Festigung&#8220;\",\"datePublished\":\"2025-07-14T08:48:00+00:00\",\"mainEntityOfPage\":{\"@id\":\"https:\\\/\\\/www.teksi.ch\\\/harmonisation-et-consolidation\\\/\"},\"wordCount\":247,\"publisher\":{\"@id\":\"https:\\\/\\\/www.teksi.ch\\\/#organization\"},\"image\":{\"@id\":\"https:\\\/\\\/www.teksi.ch\\\/harmonisation-et-consolidation\\\/#primaryimage\"},\"thumbnailUrl\":\"https:\\\/\\\/www.teksi.ch\\\/wp-content\\\/uploads\\\/Rapport-annuelle-TEKSI-2024-fr-e1750254152736.png\",\"keywords\":[\"2024\",\"Freiwilligenarbeit\",\"Information\",\"Innovation\",\"QGIS\",\"TEKSI\"],\"articleSection\":[\"Gemeinschaft\",\"Neue Funktion\",\"TEKSI Fernw\u00e4rme\",\"TEKSI Trinkwasser\"],\"inLanguage\":\"de\"},{\"@type\":\"WebPage\",\"@id\":\"https:\\\/\\\/www.teksi.ch\\\/harmonisation-et-consolidation\\\/\",\"url\":\"https:\\\/\\\/www.teksi.ch\\\/harmonisation-et-consolidation\\\/\",\"name\":\"\\\"Vereinheitlichung und Festigung\\\" - TEKSI\",\"isPartOf\":{\"@id\":\"https:\\\/\\\/www.teksi.ch\\\/#website\"},\"primaryImageOfPage\":{\"@id\":\"https:\\\/\\\/www.teksi.ch\\\/harmonisation-et-consolidation\\\/#primaryimage\"},\"image\":{\"@id\":\"https:\\\/\\\/www.teksi.ch\\\/harmonisation-et-consolidation\\\/#primaryimage\"},\"thumbnailUrl\":\"https:\\\/\\\/www.teksi.ch\\\/wp-content\\\/uploads\\\/Rapport-annuelle-TEKSI-2024-fr-e1750254152736.png\",\"datePublished\":\"2025-07-14T08:48:00+00:00\",\"breadcrumb\":{\"@id\":\"https:\\\/\\\/www.teksi.ch\\\/harmonisation-et-consolidation\\\/#breadcrumb\"},\"inLanguage\":\"de\",\"potentialAction\":[{\"@type\":\"ReadAction\",\"target\":[\"https:\\\/\\\/www.teksi.ch\\\/harmonisation-et-consolidation\\\/\"]}]},{\"@type\":\"ImageObject\",\"inLanguage\":\"de\",\"@id\":\"https:\\\/\\\/www.teksi.ch\\\/harmonisation-et-consolidation\\\/#primaryimage\",\"url\":\"https:\\\/\\\/www.teksi.ch\\\/wp-content\\\/uploads\\\/Rapport-annuelle-TEKSI-2024-fr-e1750254152736.png\",\"contentUrl\":\"https:\\\/\\\/www.teksi.ch\\\/wp-content\\\/uploads\\\/Rapport-annuelle-TEKSI-2024-fr-e1750254152736.png\",\"width\":1414,\"height\":2000},{\"@type\":\"BreadcrumbList\",\"@id\":\"https:\\\/\\\/www.teksi.ch\\\/harmonisation-et-consolidation\\\/#breadcrumb\",\"itemListElement\":[{\"@type\":\"ListItem\",\"position\":1,\"name\":\"Accueil\",\"item\":\"https:\\\/\\\/www.teksi.ch\\\/de\\\/\"},{\"@type\":\"ListItem\",\"position\":2,\"name\":\"\u00ab\u00a0Vereinheitlichung und Festigung\u00a0\u00bb\"}]},{\"@type\":\"WebSite\",\"@id\":\"https:\\\/\\\/www.teksi.ch\\\/#website\",\"url\":\"https:\\\/\\\/www.teksi.ch\\\/\",\"name\":\"TEKSI\",\"description\":\"\",\"publisher\":{\"@id\":\"https:\\\/\\\/www.teksi.ch\\\/#organization\"},\"potentialAction\":[{\"@type\":\"SearchAction\",\"target\":{\"@type\":\"EntryPoint\",\"urlTemplate\":\"https:\\\/\\\/www.teksi.ch\\\/?s={search_term_string}\"},\"query-input\":{\"@type\":\"PropertyValueSpecification\",\"valueRequired\":true,\"valueName\":\"search_term_string\"}}],\"inLanguage\":\"de\"},{\"@type\":\"Organization\",\"@id\":\"https:\\\/\\\/www.teksi.ch\\\/#organization\",\"name\":\"TEKSI\",\"url\":\"https:\\\/\\\/www.teksi.ch\\\/\",\"logo\":{\"@type\":\"ImageObject\",\"inLanguage\":\"de\",\"@id\":\"https:\\\/\\\/www.teksi.ch\\\/#\\\/schema\\\/logo\\\/image\\\/\",\"url\":\"https:\\\/\\\/www.teksi.ch\\\/wp-content\\\/uploads\\\/210910-teksi-logos-fr-03.png\",\"contentUrl\":\"https:\\\/\\\/www.teksi.ch\\\/wp-content\\\/uploads\\\/210910-teksi-logos-fr-03.png\",\"width\":647,\"height\":648,\"caption\":\"TEKSI\"},\"image\":{\"@id\":\"https:\\\/\\\/www.teksi.ch\\\/#\\\/schema\\\/logo\\\/image\\\/\"}},{\"@type\":\"Person\",\"@id\":\"https:\\\/\\\/www.teksi.ch\\\/#\\\/schema\\\/person\\\/0a5392e945956e3de5e23a5309b65d07\",\"name\":\"SB\",\"image\":{\"@type\":\"ImageObject\",\"inLanguage\":\"de\",\"@id\":\"https:\\\/\\\/secure.gravatar.com\\\/avatar\\\/b89fa7c4d820edca5cc2ac0976b7a6db34688b5a48a21b60e0194824482ee81f?s=96&d=mm&r=g\",\"url\":\"https:\\\/\\\/secure.gravatar.com\\\/avatar\\\/b89fa7c4d820edca5cc2ac0976b7a6db34688b5a48a21b60e0194824482ee81f?s=96&d=mm&r=g\",\"contentUrl\":\"https:\\\/\\\/secure.gravatar.com\\\/avatar\\\/b89fa7c4d820edca5cc2ac0976b7a6db34688b5a48a21b60e0194824482ee81f?s=96&d=mm&r=g\",\"caption\":\"SB\"},\"url\":\"https:\\\/\\\/www.teksi.ch\\\/de\\\/author\\\/stefan-burckhardt\\\/\"}]}<\/script>\n<!-- \/ Yoast SEO plugin. -->","yoast_head_json":{"title":"\"Vereinheitlichung und Festigung\" - TEKSI","robots":{"index":"index","follow":"follow","max-snippet":"max-snippet:-1","max-image-preview":"max-image-preview:large","max-video-preview":"max-video-preview:-1"},"canonical":"https:\/\/www.teksi.ch\/harmonisation-et-consolidation\/","og_locale":"de_DE","og_type":"article","og_title":"\"Vereinheitlichung und Festigung\" - TEKSI","og_description":"Im zweiten Jahr seiner T\u00e4tigkeit hat der Verein TEKSI seineEntwicklung mit Schwerpunkt auf der Vereinheitlichung der Module fortgesetzt. So war das Jahr 2024 ein wichtiger Meilenstein mit der Einf\u00fchrung des neuen Datenmodells des Moduls TEKSI Abwasser &amp; GEP, das an die Norm VSA-DSS2020 angepasst ist. Parallel dazu wurde ein Aufruf zur Finanzierung gestartet, um die [&hellip;]","og_url":"https:\/\/www.teksi.ch\/harmonisation-et-consolidation\/","og_site_name":"TEKSI","article_published_time":"2025-07-14T08:48:00+00:00","og_image":[{"width":723,"height":1024,"url":"https:\/\/www.teksi.ch\/wp-content\/uploads\/Rapport-annuelle-TEKSI-2024-fr-723x1024.png","type":"image\/png"}],"author":"SB","twitter_card":"summary_large_image","twitter_misc":{"Verfasst von":"SB","Gesch\u00e4tzte Lesezeit":"2\u00a0Minuten"},"schema":{"@context":"https:\/\/schema.org","@graph":[{"@type":"Article","@id":"https:\/\/www.teksi.ch\/harmonisation-et-consolidation\/#article","isPartOf":{"@id":"https:\/\/www.teksi.ch\/harmonisation-et-consolidation\/"},"author":{"name":"SB","@id":"https:\/\/www.teksi.ch\/#\/schema\/person\/0a5392e945956e3de5e23a5309b65d07"},"headline":"&#8222;Vereinheitlichung und Festigung&#8220;","datePublished":"2025-07-14T08:48:00+00:00","mainEntityOfPage":{"@id":"https:\/\/www.teksi.ch\/harmonisation-et-consolidation\/"},"wordCount":247,"publisher":{"@id":"https:\/\/www.teksi.ch\/#organization"},"image":{"@id":"https:\/\/www.teksi.ch\/harmonisation-et-consolidation\/#primaryimage"},"thumbnailUrl":"https:\/\/www.teksi.ch\/wp-content\/uploads\/Rapport-annuelle-TEKSI-2024-fr-e1750254152736.png","keywords":["2024","Freiwilligenarbeit","Information","Innovation","QGIS","TEKSI"],"articleSection":["Gemeinschaft","Neue Funktion","TEKSI Fernw\u00e4rme","TEKSI Trinkwasser"],"inLanguage":"de"},{"@type":"WebPage","@id":"https:\/\/www.teksi.ch\/harmonisation-et-consolidation\/","url":"https:\/\/www.teksi.ch\/harmonisation-et-consolidation\/","name":"\"Vereinheitlichung und Festigung\" - TEKSI","isPartOf":{"@id":"https:\/\/www.teksi.ch\/#website"},"primaryImageOfPage":{"@id":"https:\/\/www.teksi.ch\/harmonisation-et-consolidation\/#primaryimage"},"image":{"@id":"https:\/\/www.teksi.ch\/harmonisation-et-consolidation\/#primaryimage"},"thumbnailUrl":"https:\/\/www.teksi.ch\/wp-content\/uploads\/Rapport-annuelle-TEKSI-2024-fr-e1750254152736.png","datePublished":"2025-07-14T08:48:00+00:00","breadcrumb":{"@id":"https:\/\/www.teksi.ch\/harmonisation-et-consolidation\/#breadcrumb"},"inLanguage":"de","potentialAction":[{"@type":"ReadAction","target":["https:\/\/www.teksi.ch\/harmonisation-et-consolidation\/"]}]},{"@type":"ImageObject","inLanguage":"de","@id":"https:\/\/www.teksi.ch\/harmonisation-et-consolidation\/#primaryimage","url":"https:\/\/www.teksi.ch\/wp-content\/uploads\/Rapport-annuelle-TEKSI-2024-fr-e1750254152736.png","contentUrl":"https:\/\/www.teksi.ch\/wp-content\/uploads\/Rapport-annuelle-TEKSI-2024-fr-e1750254152736.png","width":1414,"height":2000},{"@type":"BreadcrumbList","@id":"https:\/\/www.teksi.ch\/harmonisation-et-consolidation\/#breadcrumb","itemListElement":[{"@type":"ListItem","position":1,"name":"Accueil","item":"https:\/\/www.teksi.ch\/de\/"},{"@type":"ListItem","position":2,"name":"\u00ab\u00a0Vereinheitlichung und Festigung\u00a0\u00bb"}]},{"@type":"WebSite","@id":"https:\/\/www.teksi.ch\/#website","url":"https:\/\/www.teksi.ch\/","name":"TEKSI","description":"","publisher":{"@id":"https:\/\/www.teksi.ch\/#organization"},"potentialAction":[{"@type":"SearchAction","target":{"@type":"EntryPoint","urlTemplate":"https:\/\/www.teksi.ch\/?s={search_term_string}"},"query-input":{"@type":"PropertyValueSpecification","valueRequired":true,"valueName":"search_term_string"}}],"inLanguage":"de"},{"@type":"Organization","@id":"https:\/\/www.teksi.ch\/#organization","name":"TEKSI","url":"https:\/\/www.teksi.ch\/","logo":{"@type":"ImageObject","inLanguage":"de","@id":"https:\/\/www.teksi.ch\/#\/schema\/logo\/image\/","url":"https:\/\/www.teksi.ch\/wp-content\/uploads\/210910-teksi-logos-fr-03.png","contentUrl":"https:\/\/www.teksi.ch\/wp-content\/uploads\/210910-teksi-logos-fr-03.png","width":647,"height":648,"caption":"TEKSI"},"image":{"@id":"https:\/\/www.teksi.ch\/#\/schema\/logo\/image\/"}},{"@type":"Person","@id":"https:\/\/www.teksi.ch\/#\/schema\/person\/0a5392e945956e3de5e23a5309b65d07","name":"SB","image":{"@type":"ImageObject","inLanguage":"de","@id":"https:\/\/secure.gravatar.com\/avatar\/b89fa7c4d820edca5cc2ac0976b7a6db34688b5a48a21b60e0194824482ee81f?s=96&d=mm&r=g","url":"https:\/\/secure.gravatar.com\/avatar\/b89fa7c4d820edca5cc2ac0976b7a6db34688b5a48a21b60e0194824482ee81f?s=96&d=mm&r=g","contentUrl":"https:\/\/secure.gravatar.com\/avatar\/b89fa7c4d820edca5cc2ac0976b7a6db34688b5a48a21b60e0194824482ee81f?s=96&d=mm&r=g","caption":"SB"},"url":"https:\/\/www.teksi.ch\/de\/author\/stefan-burckhardt\/"}]}},"_links":{"self":[{"href":"https:\/\/www.teksi.ch\/de\/wp-json\/wp\/v2\/posts\/2643","targetHints":{"allow":["GET"]}}],"collection":[{"href":"https:\/\/www.teksi.ch\/de\/wp-json\/wp\/v2\/posts"}],"about":[{"href":"https:\/\/www.teksi.ch\/de\/wp-json\/wp\/v2\/types\/post"}],"author":[{"embeddable":true,"href":"https:\/\/www.teksi.ch\/de\/wp-json\/wp\/v2\/users\/3"}],"replies":[{"embeddable":true,"href":"https:\/\/www.teksi.ch\/de\/wp-json\/wp\/v2\/comments?post=2643"}],"version-history":[{"count":4,"href":"https:\/\/www.teksi.ch\/de\/wp-json\/wp\/v2\/posts\/2643\/revisions"}],"predecessor-version":[{"id":2667,"href":"https:\/\/www.teksi.ch\/de\/wp-json\/wp\/v2\/posts\/2643\/revisions\/2667"}],"wp:featuredmedia":[{"embeddable":true,"href":"https:\/\/www.teksi.ch\/de\/wp-json\/wp\/v2\/media\/2637"}],"wp:attachment":[{"href":"https:\/\/www.teksi.ch\/de\/wp-json\/wp\/v2\/media?parent=2643"}],"wp:term":[{"taxonomy":"category","embeddable":true,"href":"https:\/\/www.teksi.ch\/de\/wp-json\/wp\/v2\/categories?post=2643"},{"taxonomy":"post_tag","embeddable":true,"href":"https:\/\/www.teksi.ch\/de\/wp-json\/wp\/v2\/tags?post=2643"}],"curies":[{"name":"wp","href":"https:\/\/api.w.org\/{rel}","templated":true}]}}