{"id":2154,"date":"2024-05-27T11:39:51","date_gmt":"2024-05-27T11:39:51","guid":{"rendered":"https:\/\/www.teksi.ch\/?p=2154"},"modified":"2024-11-25T17:19:42","modified_gmt":"2024-11-25T17:19:42","slug":"ein-jahr-der-premieren-fuer-teksi","status":"publish","type":"post","link":"https:\/\/www.teksi.ch\/de\/ein-jahr-der-premieren-fuer-teksi\/","title":{"rendered":"\u201cEIN JAHR DER PREMIEREN F\u00dcR TEKSI\u201d"},"content":{"rendered":"\n<p>Die erste ordentliche Generalversammlung und der erste Anwendertag boten die Gelegenheit, sich \u00fcber den Verein und seine Entwicklungen zu informieren. Beziehungen zwischen den Mitgliedern wurden gekn\u00fcpft und \u00dcberlegungen zur Entwicklung von TEKSI sowohl in technischer als auch in strategischer Hinsicht ausgetauscht. Eine weitere Premiere war, das zum ersten Mal durch die Beitr\u00e4ge der Mitglieder finanzierte Budget.<\/p>\n\n<p>2023 war auch ein Jahr der Einarbeitung, mit mehreren &#8222;Schattenbaustellen&#8220;, die weit entfernt von IT-Entwicklungen zu sein scheinen, aber unerl\u00e4sslich sind, um eine solide Entwicklung der Aktivit\u00e4ten zu erm\u00f6glichen. Zu den vom Vorstand und den Fachgruppen geleiteten Projekten geh\u00f6ren die Einf\u00fchrung eines Buchhaltungssystems, die Anerkennung der Gemeinn\u00fctzigkeit des Vereins durch die Steuerverwaltung des Kantons Waadt, die Einf\u00fchrung einer Zertifizierung f\u00fcr private B\u00fcros durch die Dienstleistergruppe, die Einf\u00fchrung eines Projektmanagements f\u00fcr neuen Funktionalit\u00e4ten sowie die Erstellung einer Roadmap f\u00fcr die n\u00e4chsten vier Jahre.<\/p>\n\n<p>Was die IT-Entwicklungen betrifft, so wurde 2023 das Projekt zur Anpassung des Datenmodells f\u00fcr das Modul Abwasser &amp; GEP gem\u00e4ss VSA-DSS Richtlinie Release 2020 erfolgreich umgesetzt.<\/p>\n\n<p>Doch richten wir den Blick auf 2024 und die Herausforderungen, die vor uns liegen: Neben der Weiterentwicklung im Bereich Generelle Entw\u00e4sserungsplanung ist die Harmonisierung zwischen den Modulen Trink- und Abwasser eine Priorit\u00e4t. Das Ziel ist es organisatorisch so aufgestellt zu sein, dass regelm\u00e4ssig neue Funktionalit\u00e4ten oder neue Module eingef\u00fchrt werden k\u00f6nnen. TEKSI muss auch nach und nach seinen technischen Pool verst\u00e4rken, der noch stark von der Stadt Pully gew\u00e4hrleiste Pully <\/p>\n\n<p>Schliesslich m\u00f6chte ich allen Personen, die in den Fachgruppen und im Vorstand arbeiten, sowie Ihnen, liebe Mitglieder, ohne die TEKSI nicht existieren w\u00fcrde, ein grosses Dankesch\u00f6n aussprechen.<\/p>\n","protected":false},"excerpt":{"rendered":"<p>Die erste ordentliche Generalversammlung und der erste Anwendertag boten die Gelegenheit, sich \u00fcber den Verein und seine Entwicklungen zu informieren. Beziehungen zwischen den Mitgliedern wurden gekn\u00fcpft und \u00dcberlegungen zur Entwicklung von TEKSI sowohl in technischer als auch in strategischer Hinsicht ausgetauscht. Eine weitere Premiere war, das zum ersten Mal durch die Beitr\u00e4ge der Mitglieder finanzierte [&hellip;]<\/p>\n","protected":false},"author":2,"featured_media":2139,"comment_status":"closed","ping_status":"closed","sticky":false,"template":"","format":"standard","meta":{"_acf_changed":false,"footnotes":""},"categories":[31],"tags":[309,162,310],"class_list":["post-2154","post","type-post","status-publish","format-standard","has-post-thumbnail","hentry","category-gemeinschaft","tag-jahresbericht","tag-teksi-de","tag-vsa-dss"],"acf":[],"yoast_head":"<!-- This site is optimized with the Yoast SEO plugin v27.4 - https:\/\/yoast.com\/product\/yoast-seo-wordpress\/ -->\n<title>\u201cEIN JAHR DER PREMIEREN F\u00dcR TEKSI\u201d - TEKSI<\/title>\n<meta name=\"robots\" content=\"index, follow, max-snippet:-1, max-image-preview:large, max-video-preview:-1\" \/>\n<link rel=\"canonical\" href=\"https:\/\/www.teksi.ch\/de\/ein-jahr-der-premieren-fuer-teksi\/\" \/>\n<meta property=\"og:locale\" content=\"de_DE\" \/>\n<meta property=\"og:type\" content=\"article\" \/>\n<meta property=\"og:title\" content=\"\u201cEIN JAHR DER PREMIEREN F\u00dcR TEKSI\u201d - TEKSI\" \/>\n<meta property=\"og:description\" content=\"Die erste ordentliche Generalversammlung und der erste Anwendertag boten die Gelegenheit, sich \u00fcber den Verein und seine Entwicklungen zu informieren. Beziehungen zwischen den Mitgliedern wurden gekn\u00fcpft und \u00dcberlegungen zur Entwicklung von TEKSI sowohl in technischer als auch in strategischer Hinsicht ausgetauscht. Eine weitere Premiere war, das zum ersten Mal durch die Beitr\u00e4ge der Mitglieder finanzierte [&hellip;]\" \/>\n<meta property=\"og:url\" content=\"https:\/\/www.teksi.ch\/de\/ein-jahr-der-premieren-fuer-teksi\/\" \/>\n<meta property=\"og:site_name\" content=\"TEKSI\" \/>\n<meta property=\"article:published_time\" content=\"2024-05-27T11:39:51+00:00\" \/>\n<meta property=\"article:modified_time\" content=\"2024-11-25T17:19:42+00:00\" \/>\n<meta property=\"og:image\" content=\"https:\/\/www.teksi.ch\/wp-content\/uploads\/Jahresbericht-TEKSI-2023-de-Seite2-e1732555172332.jpg\" \/>\n\t<meta property=\"og:image:width\" content=\"1413\" \/>\n\t<meta property=\"og:image:height\" content=\"940\" \/>\n\t<meta property=\"og:image:type\" content=\"image\/jpeg\" \/>\n<meta name=\"author\" content=\"alexandre.bosshard@pully.ch\" \/>\n<meta name=\"twitter:card\" content=\"summary_large_image\" \/>\n<meta name=\"twitter:label1\" content=\"Verfasst von\" \/>\n\t<meta name=\"twitter:data1\" content=\"alexandre.bosshard@pully.ch\" \/>\n\t<meta name=\"twitter:label2\" content=\"Gesch\u00e4tzte Lesezeit\" \/>\n\t<meta name=\"twitter:data2\" content=\"2\u00a0Minuten\" \/>\n<script type=\"application\/ld+json\" class=\"yoast-schema-graph\">{\"@context\":\"https:\\\/\\\/schema.org\",\"@graph\":[{\"@type\":\"Article\",\"@id\":\"https:\\\/\\\/www.teksi.ch\\\/de\\\/ein-jahr-der-premieren-fuer-teksi\\\/#article\",\"isPartOf\":{\"@id\":\"https:\\\/\\\/www.teksi.ch\\\/de\\\/ein-jahr-der-premieren-fuer-teksi\\\/\"},\"author\":{\"name\":\"alexandre.bosshard@pully.ch\",\"@id\":\"https:\\\/\\\/www.teksi.ch\\\/#\\\/schema\\\/person\\\/86330d55687bd3b0b394af9e43e8959f\"},\"headline\":\"\u201cEIN JAHR DER PREMIEREN F\u00dcR TEKSI\u201d\",\"datePublished\":\"2024-05-27T11:39:51+00:00\",\"dateModified\":\"2024-11-25T17:19:42+00:00\",\"mainEntityOfPage\":{\"@id\":\"https:\\\/\\\/www.teksi.ch\\\/de\\\/ein-jahr-der-premieren-fuer-teksi\\\/\"},\"wordCount\":293,\"publisher\":{\"@id\":\"https:\\\/\\\/www.teksi.ch\\\/#organization\"},\"image\":{\"@id\":\"https:\\\/\\\/www.teksi.ch\\\/de\\\/ein-jahr-der-premieren-fuer-teksi\\\/#primaryimage\"},\"thumbnailUrl\":\"https:\\\/\\\/www.teksi.ch\\\/wp-content\\\/uploads\\\/Jahresbericht-TEKSI-2023-de-Seite2-e1732555172332.jpg\",\"keywords\":[\"Jahresbericht\",\"TEKSI\",\"VSA-DSS\"],\"articleSection\":[\"Gemeinschaft\"],\"inLanguage\":\"de\"},{\"@type\":\"WebPage\",\"@id\":\"https:\\\/\\\/www.teksi.ch\\\/de\\\/ein-jahr-der-premieren-fuer-teksi\\\/\",\"url\":\"https:\\\/\\\/www.teksi.ch\\\/de\\\/ein-jahr-der-premieren-fuer-teksi\\\/\",\"name\":\"\u201cEIN JAHR DER PREMIEREN F\u00dcR TEKSI\u201d - TEKSI\",\"isPartOf\":{\"@id\":\"https:\\\/\\\/www.teksi.ch\\\/#website\"},\"primaryImageOfPage\":{\"@id\":\"https:\\\/\\\/www.teksi.ch\\\/de\\\/ein-jahr-der-premieren-fuer-teksi\\\/#primaryimage\"},\"image\":{\"@id\":\"https:\\\/\\\/www.teksi.ch\\\/de\\\/ein-jahr-der-premieren-fuer-teksi\\\/#primaryimage\"},\"thumbnailUrl\":\"https:\\\/\\\/www.teksi.ch\\\/wp-content\\\/uploads\\\/Jahresbericht-TEKSI-2023-de-Seite2-e1732555172332.jpg\",\"datePublished\":\"2024-05-27T11:39:51+00:00\",\"dateModified\":\"2024-11-25T17:19:42+00:00\",\"breadcrumb\":{\"@id\":\"https:\\\/\\\/www.teksi.ch\\\/de\\\/ein-jahr-der-premieren-fuer-teksi\\\/#breadcrumb\"},\"inLanguage\":\"de\",\"potentialAction\":[{\"@type\":\"ReadAction\",\"target\":[\"https:\\\/\\\/www.teksi.ch\\\/de\\\/ein-jahr-der-premieren-fuer-teksi\\\/\"]}]},{\"@type\":\"ImageObject\",\"inLanguage\":\"de\",\"@id\":\"https:\\\/\\\/www.teksi.ch\\\/de\\\/ein-jahr-der-premieren-fuer-teksi\\\/#primaryimage\",\"url\":\"https:\\\/\\\/www.teksi.ch\\\/wp-content\\\/uploads\\\/Jahresbericht-TEKSI-2023-de-Seite2-e1732555172332.jpg\",\"contentUrl\":\"https:\\\/\\\/www.teksi.ch\\\/wp-content\\\/uploads\\\/Jahresbericht-TEKSI-2023-de-Seite2-e1732555172332.jpg\",\"width\":1413,\"height\":940},{\"@type\":\"BreadcrumbList\",\"@id\":\"https:\\\/\\\/www.teksi.ch\\\/de\\\/ein-jahr-der-premieren-fuer-teksi\\\/#breadcrumb\",\"itemListElement\":[{\"@type\":\"ListItem\",\"position\":1,\"name\":\"Accueil\",\"item\":\"https:\\\/\\\/www.teksi.ch\\\/de\\\/\"},{\"@type\":\"ListItem\",\"position\":2,\"name\":\"\u201cEIN JAHR DER PREMIEREN F\u00dcR TEKSI\u201d\"}]},{\"@type\":\"WebSite\",\"@id\":\"https:\\\/\\\/www.teksi.ch\\\/#website\",\"url\":\"https:\\\/\\\/www.teksi.ch\\\/\",\"name\":\"TEKSI\",\"description\":\"\",\"publisher\":{\"@id\":\"https:\\\/\\\/www.teksi.ch\\\/#organization\"},\"potentialAction\":[{\"@type\":\"SearchAction\",\"target\":{\"@type\":\"EntryPoint\",\"urlTemplate\":\"https:\\\/\\\/www.teksi.ch\\\/?s={search_term_string}\"},\"query-input\":{\"@type\":\"PropertyValueSpecification\",\"valueRequired\":true,\"valueName\":\"search_term_string\"}}],\"inLanguage\":\"de\"},{\"@type\":\"Organization\",\"@id\":\"https:\\\/\\\/www.teksi.ch\\\/#organization\",\"name\":\"TEKSI\",\"url\":\"https:\\\/\\\/www.teksi.ch\\\/\",\"logo\":{\"@type\":\"ImageObject\",\"inLanguage\":\"de\",\"@id\":\"https:\\\/\\\/www.teksi.ch\\\/#\\\/schema\\\/logo\\\/image\\\/\",\"url\":\"https:\\\/\\\/www.teksi.ch\\\/wp-content\\\/uploads\\\/210910-teksi-logos-fr-03.png\",\"contentUrl\":\"https:\\\/\\\/www.teksi.ch\\\/wp-content\\\/uploads\\\/210910-teksi-logos-fr-03.png\",\"width\":647,\"height\":648,\"caption\":\"TEKSI\"},\"image\":{\"@id\":\"https:\\\/\\\/www.teksi.ch\\\/#\\\/schema\\\/logo\\\/image\\\/\"}},{\"@type\":\"Person\",\"@id\":\"https:\\\/\\\/www.teksi.ch\\\/#\\\/schema\\\/person\\\/86330d55687bd3b0b394af9e43e8959f\",\"name\":\"alexandre.bosshard@pully.ch\",\"image\":{\"@type\":\"ImageObject\",\"inLanguage\":\"de\",\"@id\":\"https:\\\/\\\/secure.gravatar.com\\\/avatar\\\/fab966e71e968b5cf6ef15a94d1e6361161ff34778feb8e94948470f5b1eb3e9?s=96&d=mm&r=g\",\"url\":\"https:\\\/\\\/secure.gravatar.com\\\/avatar\\\/fab966e71e968b5cf6ef15a94d1e6361161ff34778feb8e94948470f5b1eb3e9?s=96&d=mm&r=g\",\"contentUrl\":\"https:\\\/\\\/secure.gravatar.com\\\/avatar\\\/fab966e71e968b5cf6ef15a94d1e6361161ff34778feb8e94948470f5b1eb3e9?s=96&d=mm&r=g\",\"caption\":\"alexandre.bosshard@pully.ch\"},\"url\":\"https:\\\/\\\/www.teksi.ch\\\/de\\\/author\\\/alexandre-bosshardpully-ch\\\/\"}]}<\/script>\n<!-- \/ Yoast SEO plugin. -->","yoast_head_json":{"title":"\u201cEIN JAHR DER PREMIEREN F\u00dcR TEKSI\u201d - TEKSI","robots":{"index":"index","follow":"follow","max-snippet":"max-snippet:-1","max-image-preview":"max-image-preview:large","max-video-preview":"max-video-preview:-1"},"canonical":"https:\/\/www.teksi.ch\/de\/ein-jahr-der-premieren-fuer-teksi\/","og_locale":"de_DE","og_type":"article","og_title":"\u201cEIN JAHR DER PREMIEREN F\u00dcR TEKSI\u201d - TEKSI","og_description":"Die erste ordentliche Generalversammlung und der erste Anwendertag boten die Gelegenheit, sich \u00fcber den Verein und seine Entwicklungen zu informieren. Beziehungen zwischen den Mitgliedern wurden gekn\u00fcpft und \u00dcberlegungen zur Entwicklung von TEKSI sowohl in technischer als auch in strategischer Hinsicht ausgetauscht. Eine weitere Premiere war, das zum ersten Mal durch die Beitr\u00e4ge der Mitglieder finanzierte [&hellip;]","og_url":"https:\/\/www.teksi.ch\/de\/ein-jahr-der-premieren-fuer-teksi\/","og_site_name":"TEKSI","article_published_time":"2024-05-27T11:39:51+00:00","article_modified_time":"2024-11-25T17:19:42+00:00","og_image":[{"width":1413,"height":940,"url":"https:\/\/www.teksi.ch\/wp-content\/uploads\/Jahresbericht-TEKSI-2023-de-Seite2-e1732555172332.jpg","type":"image\/jpeg"}],"author":"alexandre.bosshard@pully.ch","twitter_card":"summary_large_image","twitter_misc":{"Verfasst von":"alexandre.bosshard@pully.ch","Gesch\u00e4tzte Lesezeit":"2\u00a0Minuten"},"schema":{"@context":"https:\/\/schema.org","@graph":[{"@type":"Article","@id":"https:\/\/www.teksi.ch\/de\/ein-jahr-der-premieren-fuer-teksi\/#article","isPartOf":{"@id":"https:\/\/www.teksi.ch\/de\/ein-jahr-der-premieren-fuer-teksi\/"},"author":{"name":"alexandre.bosshard@pully.ch","@id":"https:\/\/www.teksi.ch\/#\/schema\/person\/86330d55687bd3b0b394af9e43e8959f"},"headline":"\u201cEIN JAHR DER PREMIEREN F\u00dcR TEKSI\u201d","datePublished":"2024-05-27T11:39:51+00:00","dateModified":"2024-11-25T17:19:42+00:00","mainEntityOfPage":{"@id":"https:\/\/www.teksi.ch\/de\/ein-jahr-der-premieren-fuer-teksi\/"},"wordCount":293,"publisher":{"@id":"https:\/\/www.teksi.ch\/#organization"},"image":{"@id":"https:\/\/www.teksi.ch\/de\/ein-jahr-der-premieren-fuer-teksi\/#primaryimage"},"thumbnailUrl":"https:\/\/www.teksi.ch\/wp-content\/uploads\/Jahresbericht-TEKSI-2023-de-Seite2-e1732555172332.jpg","keywords":["Jahresbericht","TEKSI","VSA-DSS"],"articleSection":["Gemeinschaft"],"inLanguage":"de"},{"@type":"WebPage","@id":"https:\/\/www.teksi.ch\/de\/ein-jahr-der-premieren-fuer-teksi\/","url":"https:\/\/www.teksi.ch\/de\/ein-jahr-der-premieren-fuer-teksi\/","name":"\u201cEIN JAHR DER PREMIEREN F\u00dcR TEKSI\u201d - TEKSI","isPartOf":{"@id":"https:\/\/www.teksi.ch\/#website"},"primaryImageOfPage":{"@id":"https:\/\/www.teksi.ch\/de\/ein-jahr-der-premieren-fuer-teksi\/#primaryimage"},"image":{"@id":"https:\/\/www.teksi.ch\/de\/ein-jahr-der-premieren-fuer-teksi\/#primaryimage"},"thumbnailUrl":"https:\/\/www.teksi.ch\/wp-content\/uploads\/Jahresbericht-TEKSI-2023-de-Seite2-e1732555172332.jpg","datePublished":"2024-05-27T11:39:51+00:00","dateModified":"2024-11-25T17:19:42+00:00","breadcrumb":{"@id":"https:\/\/www.teksi.ch\/de\/ein-jahr-der-premieren-fuer-teksi\/#breadcrumb"},"inLanguage":"de","potentialAction":[{"@type":"ReadAction","target":["https:\/\/www.teksi.ch\/de\/ein-jahr-der-premieren-fuer-teksi\/"]}]},{"@type":"ImageObject","inLanguage":"de","@id":"https:\/\/www.teksi.ch\/de\/ein-jahr-der-premieren-fuer-teksi\/#primaryimage","url":"https:\/\/www.teksi.ch\/wp-content\/uploads\/Jahresbericht-TEKSI-2023-de-Seite2-e1732555172332.jpg","contentUrl":"https:\/\/www.teksi.ch\/wp-content\/uploads\/Jahresbericht-TEKSI-2023-de-Seite2-e1732555172332.jpg","width":1413,"height":940},{"@type":"BreadcrumbList","@id":"https:\/\/www.teksi.ch\/de\/ein-jahr-der-premieren-fuer-teksi\/#breadcrumb","itemListElement":[{"@type":"ListItem","position":1,"name":"Accueil","item":"https:\/\/www.teksi.ch\/de\/"},{"@type":"ListItem","position":2,"name":"\u201cEIN JAHR DER PREMIEREN F\u00dcR TEKSI\u201d"}]},{"@type":"WebSite","@id":"https:\/\/www.teksi.ch\/#website","url":"https:\/\/www.teksi.ch\/","name":"TEKSI","description":"","publisher":{"@id":"https:\/\/www.teksi.ch\/#organization"},"potentialAction":[{"@type":"SearchAction","target":{"@type":"EntryPoint","urlTemplate":"https:\/\/www.teksi.ch\/?s={search_term_string}"},"query-input":{"@type":"PropertyValueSpecification","valueRequired":true,"valueName":"search_term_string"}}],"inLanguage":"de"},{"@type":"Organization","@id":"https:\/\/www.teksi.ch\/#organization","name":"TEKSI","url":"https:\/\/www.teksi.ch\/","logo":{"@type":"ImageObject","inLanguage":"de","@id":"https:\/\/www.teksi.ch\/#\/schema\/logo\/image\/","url":"https:\/\/www.teksi.ch\/wp-content\/uploads\/210910-teksi-logos-fr-03.png","contentUrl":"https:\/\/www.teksi.ch\/wp-content\/uploads\/210910-teksi-logos-fr-03.png","width":647,"height":648,"caption":"TEKSI"},"image":{"@id":"https:\/\/www.teksi.ch\/#\/schema\/logo\/image\/"}},{"@type":"Person","@id":"https:\/\/www.teksi.ch\/#\/schema\/person\/86330d55687bd3b0b394af9e43e8959f","name":"alexandre.bosshard@pully.ch","image":{"@type":"ImageObject","inLanguage":"de","@id":"https:\/\/secure.gravatar.com\/avatar\/fab966e71e968b5cf6ef15a94d1e6361161ff34778feb8e94948470f5b1eb3e9?s=96&d=mm&r=g","url":"https:\/\/secure.gravatar.com\/avatar\/fab966e71e968b5cf6ef15a94d1e6361161ff34778feb8e94948470f5b1eb3e9?s=96&d=mm&r=g","contentUrl":"https:\/\/secure.gravatar.com\/avatar\/fab966e71e968b5cf6ef15a94d1e6361161ff34778feb8e94948470f5b1eb3e9?s=96&d=mm&r=g","caption":"alexandre.bosshard@pully.ch"},"url":"https:\/\/www.teksi.ch\/de\/author\/alexandre-bosshardpully-ch\/"}]}},"_links":{"self":[{"href":"https:\/\/www.teksi.ch\/de\/wp-json\/wp\/v2\/posts\/2154","targetHints":{"allow":["GET"]}}],"collection":[{"href":"https:\/\/www.teksi.ch\/de\/wp-json\/wp\/v2\/posts"}],"about":[{"href":"https:\/\/www.teksi.ch\/de\/wp-json\/wp\/v2\/types\/post"}],"author":[{"embeddable":true,"href":"https:\/\/www.teksi.ch\/de\/wp-json\/wp\/v2\/users\/2"}],"replies":[{"embeddable":true,"href":"https:\/\/www.teksi.ch\/de\/wp-json\/wp\/v2\/comments?post=2154"}],"version-history":[{"count":1,"href":"https:\/\/www.teksi.ch\/de\/wp-json\/wp\/v2\/posts\/2154\/revisions"}],"predecessor-version":[{"id":2155,"href":"https:\/\/www.teksi.ch\/de\/wp-json\/wp\/v2\/posts\/2154\/revisions\/2155"}],"wp:featuredmedia":[{"embeddable":true,"href":"https:\/\/www.teksi.ch\/de\/wp-json\/wp\/v2\/media\/2139"}],"wp:attachment":[{"href":"https:\/\/www.teksi.ch\/de\/wp-json\/wp\/v2\/media?parent=2154"}],"wp:term":[{"taxonomy":"category","embeddable":true,"href":"https:\/\/www.teksi.ch\/de\/wp-json\/wp\/v2\/categories?post=2154"},{"taxonomy":"post_tag","embeddable":true,"href":"https:\/\/www.teksi.ch\/de\/wp-json\/wp\/v2\/tags?post=2154"}],"curies":[{"name":"wp","href":"https:\/\/api.w.org\/{rel}","templated":true}]}}