{"id":2107,"date":"2024-03-20T13:52:32","date_gmt":"2024-03-20T13:52:32","guid":{"rendered":"https:\/\/www.teksi.ch\/13-maerz-2024-generalversammlung-in-aarau\/"},"modified":"2024-04-24T07:46:42","modified_gmt":"2024-04-24T07:46:42","slug":"13-maerz-2024-generalversammlung-in-aarau","status":"publish","type":"post","link":"https:\/\/www.teksi.ch\/de\/13-maerz-2024-generalversammlung-in-aarau\/","title":{"rendered":"13. M\u00e4rz 2024: Generalversammlung in Aarau"},"content":{"rendered":"\n<p>Zum ersten Mal fand die TEKSI-Generalversammlung in der Deutschschweiz statt. Vizepr\u00e4sident Cyril Meder-Graf, Waldburger &amp; Partner, fungierte als umsichtiger Gastgeber und sorgte f\u00fcr das Wohl der 25 anwesenden Personen von insgesamt 41 TEKSI-Mitgliedern. Im Anschluss an den <a href=\"http:\/\/www.teksi.ch\/de\/verein\">offiziellen statutarischen Teil am Vormittag<\/a> und gest\u00e4rkt durch ein k\u00f6stliches Mittagessen wurde am Nachmittag ein intensiver Austausch \u00fcber die Strategie der TEKSI-Entwicklung f\u00fcr die n\u00e4chsten vier Jahre gef\u00fchrt. Auch die Erfolge des Jahres 2023 und die Erfahrungen in der praktischen Anwendung der Module im Alltag waren ein rege diskutiertes Thema.&#13;\n<\/p>\n","protected":false},"excerpt":{"rendered":"<p>Zum ersten Mal fand die TEKSI-Generalversammlung in der Deutschschweiz statt. Vizepr\u00e4sident Cyril Meder-Graf, Waldburger &amp; Partner, fungierte als umsichtiger Gastgeber und sorgte f\u00fcr das Wohl der 25 anwesenden Personen von insgesamt 41 TEKSI-Mitgliedern. Im Anschluss an den offiziellen statutarischen Teil am Vormittag und gest\u00e4rkt durch ein k\u00f6stliches Mittagessen wurde am Nachmittag ein intensiver Austausch \u00fcber [&hellip;]<\/p>\n","protected":false},"author":3,"featured_media":2083,"comment_status":"closed","ping_status":"closed","sticky":false,"template":"","format":"standard","meta":{"_acf_changed":false,"footnotes":""},"categories":[31],"tags":[273,161,272],"class_list":["post-2107","post","type-post","status-publish","format-standard","has-post-thumbnail","hentry","category-gemeinschaft","tag-aarau","tag-generalversammlung","tag-verein-teksi"],"acf":[],"yoast_head":"<!-- This site is optimized with the Yoast SEO plugin v27.4 - https:\/\/yoast.com\/product\/yoast-seo-wordpress\/ -->\n<title>13. M\u00e4rz 2024: Generalversammlung in Aarau - TEKSI<\/title>\n<meta name=\"robots\" content=\"index, follow, max-snippet:-1, max-image-preview:large, max-video-preview:-1\" \/>\n<link rel=\"canonical\" href=\"https:\/\/www.teksi.ch\/de\/13-maerz-2024-generalversammlung-in-aarau\/\" \/>\n<meta property=\"og:locale\" content=\"de_DE\" \/>\n<meta property=\"og:type\" content=\"article\" \/>\n<meta property=\"og:title\" content=\"13. M\u00e4rz 2024: Generalversammlung in Aarau - TEKSI\" \/>\n<meta property=\"og:description\" content=\"Zum ersten Mal fand die TEKSI-Generalversammlung in der Deutschschweiz statt. Vizepr\u00e4sident Cyril Meder-Graf, Waldburger &amp; Partner, fungierte als umsichtiger Gastgeber und sorgte f\u00fcr das Wohl der 25 anwesenden Personen von insgesamt 41 TEKSI-Mitgliedern. Im Anschluss an den offiziellen statutarischen Teil am Vormittag und gest\u00e4rkt durch ein k\u00f6stliches Mittagessen wurde am Nachmittag ein intensiver Austausch \u00fcber [&hellip;]\" \/>\n<meta property=\"og:url\" content=\"https:\/\/www.teksi.ch\/de\/13-maerz-2024-generalversammlung-in-aarau\/\" \/>\n<meta property=\"og:site_name\" content=\"TEKSI\" \/>\n<meta property=\"article:published_time\" content=\"2024-03-20T13:52:32+00:00\" \/>\n<meta property=\"article:modified_time\" content=\"2024-04-24T07:46:42+00:00\" \/>\n<meta property=\"og:image\" content=\"https:\/\/www.teksi.ch\/wp-content\/uploads\/IMG_20240313_160848-scaled-e1711136636909.jpg\" \/>\n\t<meta property=\"og:image:width\" content=\"2560\" \/>\n\t<meta property=\"og:image:height\" content=\"1920\" \/>\n\t<meta property=\"og:image:type\" content=\"image\/jpeg\" \/>\n<meta name=\"author\" content=\"SB\" \/>\n<meta name=\"twitter:card\" content=\"summary_large_image\" \/>\n<meta name=\"twitter:label1\" content=\"Verfasst von\" \/>\n\t<meta name=\"twitter:data1\" content=\"SB\" \/>\n<script type=\"application\/ld+json\" class=\"yoast-schema-graph\">{\"@context\":\"https:\\\/\\\/schema.org\",\"@graph\":[{\"@type\":\"Article\",\"@id\":\"https:\\\/\\\/www.teksi.ch\\\/de\\\/13-maerz-2024-generalversammlung-in-aarau\\\/#article\",\"isPartOf\":{\"@id\":\"https:\\\/\\\/www.teksi.ch\\\/de\\\/13-maerz-2024-generalversammlung-in-aarau\\\/\"},\"author\":{\"name\":\"SB\",\"@id\":\"https:\\\/\\\/www.teksi.ch\\\/#\\\/schema\\\/person\\\/0a5392e945956e3de5e23a5309b65d07\"},\"headline\":\"13. M\u00e4rz 2024: Generalversammlung in Aarau\",\"datePublished\":\"2024-03-20T13:52:32+00:00\",\"dateModified\":\"2024-04-24T07:46:42+00:00\",\"mainEntityOfPage\":{\"@id\":\"https:\\\/\\\/www.teksi.ch\\\/de\\\/13-maerz-2024-generalversammlung-in-aarau\\\/\"},\"wordCount\":96,\"publisher\":{\"@id\":\"https:\\\/\\\/www.teksi.ch\\\/#organization\"},\"image\":{\"@id\":\"https:\\\/\\\/www.teksi.ch\\\/de\\\/13-maerz-2024-generalversammlung-in-aarau\\\/#primaryimage\"},\"thumbnailUrl\":\"https:\\\/\\\/www.teksi.ch\\\/wp-content\\\/uploads\\\/IMG_20240313_160848-scaled-e1711136636909.jpg\",\"keywords\":[\"Aarau\",\"Generalversammlung\",\"Verein TEKSI\"],\"articleSection\":[\"Gemeinschaft\"],\"inLanguage\":\"de\"},{\"@type\":\"WebPage\",\"@id\":\"https:\\\/\\\/www.teksi.ch\\\/de\\\/13-maerz-2024-generalversammlung-in-aarau\\\/\",\"url\":\"https:\\\/\\\/www.teksi.ch\\\/de\\\/13-maerz-2024-generalversammlung-in-aarau\\\/\",\"name\":\"13. M\u00e4rz 2024: Generalversammlung in Aarau - TEKSI\",\"isPartOf\":{\"@id\":\"https:\\\/\\\/www.teksi.ch\\\/#website\"},\"primaryImageOfPage\":{\"@id\":\"https:\\\/\\\/www.teksi.ch\\\/de\\\/13-maerz-2024-generalversammlung-in-aarau\\\/#primaryimage\"},\"image\":{\"@id\":\"https:\\\/\\\/www.teksi.ch\\\/de\\\/13-maerz-2024-generalversammlung-in-aarau\\\/#primaryimage\"},\"thumbnailUrl\":\"https:\\\/\\\/www.teksi.ch\\\/wp-content\\\/uploads\\\/IMG_20240313_160848-scaled-e1711136636909.jpg\",\"datePublished\":\"2024-03-20T13:52:32+00:00\",\"dateModified\":\"2024-04-24T07:46:42+00:00\",\"breadcrumb\":{\"@id\":\"https:\\\/\\\/www.teksi.ch\\\/de\\\/13-maerz-2024-generalversammlung-in-aarau\\\/#breadcrumb\"},\"inLanguage\":\"de\",\"potentialAction\":[{\"@type\":\"ReadAction\",\"target\":[\"https:\\\/\\\/www.teksi.ch\\\/de\\\/13-maerz-2024-generalversammlung-in-aarau\\\/\"]}]},{\"@type\":\"ImageObject\",\"inLanguage\":\"de\",\"@id\":\"https:\\\/\\\/www.teksi.ch\\\/de\\\/13-maerz-2024-generalversammlung-in-aarau\\\/#primaryimage\",\"url\":\"https:\\\/\\\/www.teksi.ch\\\/wp-content\\\/uploads\\\/IMG_20240313_160848-scaled-e1711136636909.jpg\",\"contentUrl\":\"https:\\\/\\\/www.teksi.ch\\\/wp-content\\\/uploads\\\/IMG_20240313_160848-scaled-e1711136636909.jpg\",\"width\":2560,\"height\":1920},{\"@type\":\"BreadcrumbList\",\"@id\":\"https:\\\/\\\/www.teksi.ch\\\/de\\\/13-maerz-2024-generalversammlung-in-aarau\\\/#breadcrumb\",\"itemListElement\":[{\"@type\":\"ListItem\",\"position\":1,\"name\":\"Accueil\",\"item\":\"https:\\\/\\\/www.teksi.ch\\\/de\\\/\"},{\"@type\":\"ListItem\",\"position\":2,\"name\":\"13. M\u00e4rz 2024: Generalversammlung in Aarau\"}]},{\"@type\":\"WebSite\",\"@id\":\"https:\\\/\\\/www.teksi.ch\\\/#website\",\"url\":\"https:\\\/\\\/www.teksi.ch\\\/\",\"name\":\"TEKSI\",\"description\":\"\",\"publisher\":{\"@id\":\"https:\\\/\\\/www.teksi.ch\\\/#organization\"},\"potentialAction\":[{\"@type\":\"SearchAction\",\"target\":{\"@type\":\"EntryPoint\",\"urlTemplate\":\"https:\\\/\\\/www.teksi.ch\\\/?s={search_term_string}\"},\"query-input\":{\"@type\":\"PropertyValueSpecification\",\"valueRequired\":true,\"valueName\":\"search_term_string\"}}],\"inLanguage\":\"de\"},{\"@type\":\"Organization\",\"@id\":\"https:\\\/\\\/www.teksi.ch\\\/#organization\",\"name\":\"TEKSI\",\"url\":\"https:\\\/\\\/www.teksi.ch\\\/\",\"logo\":{\"@type\":\"ImageObject\",\"inLanguage\":\"de\",\"@id\":\"https:\\\/\\\/www.teksi.ch\\\/#\\\/schema\\\/logo\\\/image\\\/\",\"url\":\"https:\\\/\\\/www.teksi.ch\\\/wp-content\\\/uploads\\\/210910-teksi-logos-fr-03.png\",\"contentUrl\":\"https:\\\/\\\/www.teksi.ch\\\/wp-content\\\/uploads\\\/210910-teksi-logos-fr-03.png\",\"width\":647,\"height\":648,\"caption\":\"TEKSI\"},\"image\":{\"@id\":\"https:\\\/\\\/www.teksi.ch\\\/#\\\/schema\\\/logo\\\/image\\\/\"}},{\"@type\":\"Person\",\"@id\":\"https:\\\/\\\/www.teksi.ch\\\/#\\\/schema\\\/person\\\/0a5392e945956e3de5e23a5309b65d07\",\"name\":\"SB\",\"image\":{\"@type\":\"ImageObject\",\"inLanguage\":\"de\",\"@id\":\"https:\\\/\\\/secure.gravatar.com\\\/avatar\\\/b89fa7c4d820edca5cc2ac0976b7a6db34688b5a48a21b60e0194824482ee81f?s=96&d=mm&r=g\",\"url\":\"https:\\\/\\\/secure.gravatar.com\\\/avatar\\\/b89fa7c4d820edca5cc2ac0976b7a6db34688b5a48a21b60e0194824482ee81f?s=96&d=mm&r=g\",\"contentUrl\":\"https:\\\/\\\/secure.gravatar.com\\\/avatar\\\/b89fa7c4d820edca5cc2ac0976b7a6db34688b5a48a21b60e0194824482ee81f?s=96&d=mm&r=g\",\"caption\":\"SB\"},\"url\":\"https:\\\/\\\/www.teksi.ch\\\/de\\\/author\\\/stefan-burckhardt\\\/\"}]}<\/script>\n<!-- \/ Yoast SEO plugin. -->","yoast_head_json":{"title":"13. M\u00e4rz 2024: Generalversammlung in Aarau - TEKSI","robots":{"index":"index","follow":"follow","max-snippet":"max-snippet:-1","max-image-preview":"max-image-preview:large","max-video-preview":"max-video-preview:-1"},"canonical":"https:\/\/www.teksi.ch\/de\/13-maerz-2024-generalversammlung-in-aarau\/","og_locale":"de_DE","og_type":"article","og_title":"13. M\u00e4rz 2024: Generalversammlung in Aarau - TEKSI","og_description":"Zum ersten Mal fand die TEKSI-Generalversammlung in der Deutschschweiz statt. Vizepr\u00e4sident Cyril Meder-Graf, Waldburger &amp; Partner, fungierte als umsichtiger Gastgeber und sorgte f\u00fcr das Wohl der 25 anwesenden Personen von insgesamt 41 TEKSI-Mitgliedern. Im Anschluss an den offiziellen statutarischen Teil am Vormittag und gest\u00e4rkt durch ein k\u00f6stliches Mittagessen wurde am Nachmittag ein intensiver Austausch \u00fcber [&hellip;]","og_url":"https:\/\/www.teksi.ch\/de\/13-maerz-2024-generalversammlung-in-aarau\/","og_site_name":"TEKSI","article_published_time":"2024-03-20T13:52:32+00:00","article_modified_time":"2024-04-24T07:46:42+00:00","og_image":[{"width":2560,"height":1920,"url":"https:\/\/www.teksi.ch\/wp-content\/uploads\/IMG_20240313_160848-scaled-e1711136636909.jpg","type":"image\/jpeg"}],"author":"SB","twitter_card":"summary_large_image","twitter_misc":{"Verfasst von":"SB"},"schema":{"@context":"https:\/\/schema.org","@graph":[{"@type":"Article","@id":"https:\/\/www.teksi.ch\/de\/13-maerz-2024-generalversammlung-in-aarau\/#article","isPartOf":{"@id":"https:\/\/www.teksi.ch\/de\/13-maerz-2024-generalversammlung-in-aarau\/"},"author":{"name":"SB","@id":"https:\/\/www.teksi.ch\/#\/schema\/person\/0a5392e945956e3de5e23a5309b65d07"},"headline":"13. M\u00e4rz 2024: Generalversammlung in Aarau","datePublished":"2024-03-20T13:52:32+00:00","dateModified":"2024-04-24T07:46:42+00:00","mainEntityOfPage":{"@id":"https:\/\/www.teksi.ch\/de\/13-maerz-2024-generalversammlung-in-aarau\/"},"wordCount":96,"publisher":{"@id":"https:\/\/www.teksi.ch\/#organization"},"image":{"@id":"https:\/\/www.teksi.ch\/de\/13-maerz-2024-generalversammlung-in-aarau\/#primaryimage"},"thumbnailUrl":"https:\/\/www.teksi.ch\/wp-content\/uploads\/IMG_20240313_160848-scaled-e1711136636909.jpg","keywords":["Aarau","Generalversammlung","Verein TEKSI"],"articleSection":["Gemeinschaft"],"inLanguage":"de"},{"@type":"WebPage","@id":"https:\/\/www.teksi.ch\/de\/13-maerz-2024-generalversammlung-in-aarau\/","url":"https:\/\/www.teksi.ch\/de\/13-maerz-2024-generalversammlung-in-aarau\/","name":"13. M\u00e4rz 2024: Generalversammlung in Aarau - TEKSI","isPartOf":{"@id":"https:\/\/www.teksi.ch\/#website"},"primaryImageOfPage":{"@id":"https:\/\/www.teksi.ch\/de\/13-maerz-2024-generalversammlung-in-aarau\/#primaryimage"},"image":{"@id":"https:\/\/www.teksi.ch\/de\/13-maerz-2024-generalversammlung-in-aarau\/#primaryimage"},"thumbnailUrl":"https:\/\/www.teksi.ch\/wp-content\/uploads\/IMG_20240313_160848-scaled-e1711136636909.jpg","datePublished":"2024-03-20T13:52:32+00:00","dateModified":"2024-04-24T07:46:42+00:00","breadcrumb":{"@id":"https:\/\/www.teksi.ch\/de\/13-maerz-2024-generalversammlung-in-aarau\/#breadcrumb"},"inLanguage":"de","potentialAction":[{"@type":"ReadAction","target":["https:\/\/www.teksi.ch\/de\/13-maerz-2024-generalversammlung-in-aarau\/"]}]},{"@type":"ImageObject","inLanguage":"de","@id":"https:\/\/www.teksi.ch\/de\/13-maerz-2024-generalversammlung-in-aarau\/#primaryimage","url":"https:\/\/www.teksi.ch\/wp-content\/uploads\/IMG_20240313_160848-scaled-e1711136636909.jpg","contentUrl":"https:\/\/www.teksi.ch\/wp-content\/uploads\/IMG_20240313_160848-scaled-e1711136636909.jpg","width":2560,"height":1920},{"@type":"BreadcrumbList","@id":"https:\/\/www.teksi.ch\/de\/13-maerz-2024-generalversammlung-in-aarau\/#breadcrumb","itemListElement":[{"@type":"ListItem","position":1,"name":"Accueil","item":"https:\/\/www.teksi.ch\/de\/"},{"@type":"ListItem","position":2,"name":"13. M\u00e4rz 2024: Generalversammlung in Aarau"}]},{"@type":"WebSite","@id":"https:\/\/www.teksi.ch\/#website","url":"https:\/\/www.teksi.ch\/","name":"TEKSI","description":"","publisher":{"@id":"https:\/\/www.teksi.ch\/#organization"},"potentialAction":[{"@type":"SearchAction","target":{"@type":"EntryPoint","urlTemplate":"https:\/\/www.teksi.ch\/?s={search_term_string}"},"query-input":{"@type":"PropertyValueSpecification","valueRequired":true,"valueName":"search_term_string"}}],"inLanguage":"de"},{"@type":"Organization","@id":"https:\/\/www.teksi.ch\/#organization","name":"TEKSI","url":"https:\/\/www.teksi.ch\/","logo":{"@type":"ImageObject","inLanguage":"de","@id":"https:\/\/www.teksi.ch\/#\/schema\/logo\/image\/","url":"https:\/\/www.teksi.ch\/wp-content\/uploads\/210910-teksi-logos-fr-03.png","contentUrl":"https:\/\/www.teksi.ch\/wp-content\/uploads\/210910-teksi-logos-fr-03.png","width":647,"height":648,"caption":"TEKSI"},"image":{"@id":"https:\/\/www.teksi.ch\/#\/schema\/logo\/image\/"}},{"@type":"Person","@id":"https:\/\/www.teksi.ch\/#\/schema\/person\/0a5392e945956e3de5e23a5309b65d07","name":"SB","image":{"@type":"ImageObject","inLanguage":"de","@id":"https:\/\/secure.gravatar.com\/avatar\/b89fa7c4d820edca5cc2ac0976b7a6db34688b5a48a21b60e0194824482ee81f?s=96&d=mm&r=g","url":"https:\/\/secure.gravatar.com\/avatar\/b89fa7c4d820edca5cc2ac0976b7a6db34688b5a48a21b60e0194824482ee81f?s=96&d=mm&r=g","contentUrl":"https:\/\/secure.gravatar.com\/avatar\/b89fa7c4d820edca5cc2ac0976b7a6db34688b5a48a21b60e0194824482ee81f?s=96&d=mm&r=g","caption":"SB"},"url":"https:\/\/www.teksi.ch\/de\/author\/stefan-burckhardt\/"}]}},"_links":{"self":[{"href":"https:\/\/www.teksi.ch\/de\/wp-json\/wp\/v2\/posts\/2107","targetHints":{"allow":["GET"]}}],"collection":[{"href":"https:\/\/www.teksi.ch\/de\/wp-json\/wp\/v2\/posts"}],"about":[{"href":"https:\/\/www.teksi.ch\/de\/wp-json\/wp\/v2\/types\/post"}],"author":[{"embeddable":true,"href":"https:\/\/www.teksi.ch\/de\/wp-json\/wp\/v2\/users\/3"}],"replies":[{"embeddable":true,"href":"https:\/\/www.teksi.ch\/de\/wp-json\/wp\/v2\/comments?post=2107"}],"version-history":[{"count":3,"href":"https:\/\/www.teksi.ch\/de\/wp-json\/wp\/v2\/posts\/2107\/revisions"}],"predecessor-version":[{"id":2110,"href":"https:\/\/www.teksi.ch\/de\/wp-json\/wp\/v2\/posts\/2107\/revisions\/2110"}],"wp:featuredmedia":[{"embeddable":true,"href":"https:\/\/www.teksi.ch\/de\/wp-json\/wp\/v2\/media\/2083"}],"wp:attachment":[{"href":"https:\/\/www.teksi.ch\/de\/wp-json\/wp\/v2\/media?parent=2107"}],"wp:term":[{"taxonomy":"category","embeddable":true,"href":"https:\/\/www.teksi.ch\/de\/wp-json\/wp\/v2\/categories?post=2107"},{"taxonomy":"post_tag","embeddable":true,"href":"https:\/\/www.teksi.ch\/de\/wp-json\/wp\/v2\/tags?post=2107"}],"curies":[{"name":"wp","href":"https:\/\/api.w.org\/{rel}","templated":true}]}}